{"id":353,"date":"2024-10-09T15:03:51","date_gmt":"2024-10-09T15:03:51","guid":{"rendered":"https:\/\/flensburg.fau.org\/?p=353"},"modified":"2024-10-09T15:03:51","modified_gmt":"2024-10-09T15:03:51","slug":"freiheit-fuer-die-6-gewerkschafterinnen-von-la-suiza-in-spanien","status":"publish","type":"post","link":"https:\/\/flensburg.fau.org\/?p=353","title":{"rendered":"Freiheit f\u00fcr die 6 Gewerkschafter:innen von \u201eLa Suiza\u201c in Spanien!"},"content":{"rendered":"<p><a href=\"https:\/\/dd.fau.org\/2024\/09\/27\/freiheit-fuer-die-6-gewerkschafterinnen-von-la-suiza-in-spanien\/\" target=\"_blank\" rel=\"noopener\"><img loading=\"lazy\" decoding=\"async\" class=\"size-medium wp-image-354 aligncenter\" src=\"https:\/\/flensburg.fau.org\/wp-content\/uploads\/2024\/10\/No-estais-solas_Sharepic-768x768-1-300x300.jpg\" alt=\"\" width=\"300\" height=\"300\" srcset=\"https:\/\/flensburg.fau.org\/wp-content\/uploads\/2024\/10\/No-estais-solas_Sharepic-768x768-1-300x300.jpg 300w, https:\/\/flensburg.fau.org\/wp-content\/uploads\/2024\/10\/No-estais-solas_Sharepic-768x768-1-150x150.jpg 150w, https:\/\/flensburg.fau.org\/wp-content\/uploads\/2024\/10\/No-estais-solas_Sharepic-768x768-1.jpg 600w\" sizes=\"auto, (max-width: 300px) 100vw, 300px\" \/><\/a><\/p>\n<p><!--more-->Sie setzten sich in ihrer Konditorei gegen die K\u00fcndigung einer Schwangeren, unbezahlte \u00dcberstunden und sexuelle Bel\u00e4stigung ein. Nun sollen unsere Gewerkschafts-Genoss:innen daf\u00fcr ins Gef\u00e4ngnis. Angriffe auf Gewerkschaftsfreiheit sind international und geh\u00f6ren international beantwortet! Wir stehen zusammen, wir f\u00fcr sie, sie f\u00fcr uns!<\/p>\n<p><strong>Warum sollte dich das interessieren?<\/strong><\/p>\n<p>Ohne gewerkschaftliche K\u00e4mpfe s\u00e4he es heute d\u00fcster aus: Kein 8h-Tag, kein freier Sonntag, kein K\u00fcndigungsschutz, kein Arbeitsschutz, kein Schutz in der Schwangerschaft etc. pp\u2026 All diese Rechte sind Ausdruck von K\u00e4mpfen, meistens von Gewerkschaften. Und immer wieder wurden und werden diese Rechte und die Gewerkschaften selbst angegriffen, im Versuch, die Profitraten auf unseren R\u00fccken zu steigern. Aktuell erleben wir auch in Deutschland immer wieder eine Infragestellung von Gewerkschaftsrechten bis hin zu \u00fcbelster Hetze (in der sich SPD, CDU und AfD oft nichts nehmen). In den n\u00e4chsten Jahren steht in Deutschland eine ordentliche Wirtschaftskrise ins Haus, vom Rechtsruck nicht zu reden. Unsere Rechte h\u00e4ngen fundamental davon ab, dass wir sie und unsere Gewerkschaften verteidigen, auch international.<\/p>\n<p><strong>Gef\u00e4ngnisstrafe nach Arbeitskonflikt?<\/strong><\/p>\n<p>In der spanischen Stadt Gij\u00f3n k\u00e4mpfte unsere Schwesterngewerkschaft CNT f\u00fcr die Verbesserung der Arbeitsbedingungen in der Konditorei \u201eLa Suiza\u201c. Es ging um die oben genannten Missst\u00e4nde. Nachdem der Chef ein Gespr\u00e4chsangebot ausgeschlagen hatte, gab es angemeldete Kundgebungen und Aktionen vor dem Unternehmen. Stets war Polizei anwesend und hatte nichts zu beanstanden. Die gegnerische Seite antwortete mit juristischen Klagen, u.a. wegen angeblicher N\u00f6tigung in einer \u00fcber 11.000 Seiten (!) umfassenden Klageschrift. Ein als sehr arbeiter:innen- und gewerkschaftsfeindlich bekannter Richter am Landesgerichtshof folgte dem Anliegen des Chefs und verurteilte 2021 6 Kolleg:innen zu jeweils 3,5 Jahren Haft ohne Bew\u00e4hrung und zu einer Geldstrafe von insgesamt 125.428 \u20ac, die an den Unternehmer zu zahlen ist. Die CNT legte Berufung ein, aber der oberste spanische Gerichtshof hat im vergangenen Juni das vorhergehende Urteil best\u00e4tigt. Die verbliebenen Rechtsmittel sind verschwindend gering: Der Gang zum Europ\u00e4ischen Gerichtshof bzw. der juristische Versuch die Gef\u00e4ngnisstrafe zur Bew\u00e4hrung auszusetzen.<\/p>\n<p>Sollten die Urteile Schule machen und zu einem rechtlichen Standard werden, w\u00fcrde die Gewerkschaftsfreiheit und -arbeit in Spanien einen sehr massiven R\u00fcckschlag erleiden. Weil auch weitere Gewerkschaften diesen Angriff so einordnen, gab es am 13. Juli 2024 eine historisch einmalige gemeinsame Pressekonferenz aller gro\u00dfen spanischen Gewerkschaften, um die CNT in diesem Konflikt zu unterst\u00fctzen. Mehrere dutzend Gewerkschaften zeigen derzeit ihre Solidarit\u00e4t und rufen am 28. September in Gij\u00f3n zu einer Demonstration f\u00fcr die sechs Kolleg:innen der \u201eLa Suiza\u201c und f\u00fcr die Gewerkschaftsfreiheit auf.<\/p>\n<p>Auch unsere internationale Gewerkschaftsf\u00f6deration, die \u201eInternational Confederation of Labour\u201c (ICL), ruft zu einem internationalen Aktionstag an diesem Tag auf.<\/p>\n<p>Was in Spanien Schule macht, k\u00f6nnten auch bald wir am Hals haben. Wo die Rechte der spanischen Arbeiter:innen beschnitten werden, geraten auch wir Arbeiter:innen in Deutschland unter Druck.<\/p>\n<p><strong>Was kannst du tun?<\/strong><\/p>\n<p>Werde Gewerkschaftsmitglied, k\u00e4mpfe mit uns f\u00fcr deine und unser aller Rechte, unterschreibe <a href=\"https:\/\/www.cnt.es\/noticias\/sumate-al-apoyo-a-las-compas-de-la-suiza\/\" target=\"_blank\" rel=\"noopener\">die Petition<\/a> <span class=\"x193iq5w xeuugli x13faqbe x1vvkbs x10flsy6 x1lliihq x1s928wv xhkezso x1gmr53x x1cpjm7i x1fgarty x1943h6x x4zkp8e x41vudc x6prxxf xvq8zen xo1l8bm xzsf02u x1yc453h\" dir=\"auto\">(Feld 1: Vor- und Nachname, Feld 2: E-Mail Adresse, Feld 3: Platz f\u00fcr Nachricht)<\/span>, die die Freilassung der Genoss:innen fordert und halte dich \u00fcber lokale K\u00e4mpfe informiert auf <a href=\"https:\/\/dd.fau.org\/\" target=\"_blank\" rel=\"noopener\">dd.fau.org<\/a>.<\/p>\n<p><a href=\"https:\/\/dd.fau.org\/\" target=\"_blank\" rel=\"noopener\">FAU Dresden<\/a><\/p>\n","protected":false},"excerpt":{"rendered":"","protected":false},"author":1,"featured_media":0,"comment_status":"closed","ping_status":"open","sticky":false,"template":"","format":"standard","meta":{"footnotes":""},"categories":[5],"tags":[],"class_list":["post-353","post","type-post","status-publish","format-standard","hentry","category-nachrichten"],"_links":{"self":[{"href":"https:\/\/flensburg.fau.org\/index.php?rest_route=\/wp\/v2\/posts\/353","targetHints":{"allow":["GET"]}}],"collection":[{"href":"https:\/\/flensburg.fau.org\/index.php?rest_route=\/wp\/v2\/posts"}],"about":[{"href":"https:\/\/flensburg.fau.org\/index.php?rest_route=\/wp\/v2\/types\/post"}],"author":[{"embeddable":true,"href":"https:\/\/flensburg.fau.org\/index.php?rest_route=\/wp\/v2\/users\/1"}],"replies":[{"embeddable":true,"href":"https:\/\/flensburg.fau.org\/index.php?rest_route=%2Fwp%2Fv2%2Fcomments&post=353"}],"version-history":[{"count":1,"href":"https:\/\/flensburg.fau.org\/index.php?rest_route=\/wp\/v2\/posts\/353\/revisions"}],"predecessor-version":[{"id":355,"href":"https:\/\/flensburg.fau.org\/index.php?rest_route=\/wp\/v2\/posts\/353\/revisions\/355"}],"wp:attachment":[{"href":"https:\/\/flensburg.fau.org\/index.php?rest_route=%2Fwp%2Fv2%2Fmedia&parent=353"}],"wp:term":[{"taxonomy":"category","embeddable":true,"href":"https:\/\/flensburg.fau.org\/index.php?rest_route=%2Fwp%2Fv2%2Fcategories&post=353"},{"taxonomy":"post_tag","embeddable":true,"href":"https:\/\/flensburg.fau.org\/index.php?rest_route=%2Fwp%2Fv2%2Ftags&post=353"}],"curies":[{"name":"wp","href":"https:\/\/api.w.org\/{rel}","templated":true}]}}