{"id":338,"date":"2024-07-26T10:40:51","date_gmt":"2024-07-26T10:40:51","guid":{"rendered":"https:\/\/flensburg.fau.org\/?p=338"},"modified":"2024-07-26T10:40:51","modified_gmt":"2024-07-26T10:40:51","slug":"solidarisch-mit-dem-streik-bei-hm-in-barcelona","status":"publish","type":"post","link":"https:\/\/flensburg.fau.org\/?p=338","title":{"rendered":"Solidarisch mit dem Streik bei H&#038;M in Barcelona"},"content":{"rendered":"<p><img loading=\"lazy\" decoding=\"async\" style=\"float: left; padding-right: 15px; padding-top: 10px;\" src=\"https:\/\/flensburg.fau.org\/wp-content\/uploads\/2024\/07\/230724-CGT-FAU-HM-300x192.jpg\" alt=\"\" width=\"300\" height=\"192\" \/>Alle kennen H&amp;M, aber nur Wenige reden \u00fcber die Arbeitsbedingungen in dem Konzern. Diesmal geht es nicht um die N\u00e4her*innen in den Fabriken Asiens oder Afrikas, sondern um das H&amp;M Kundenzentrum in Barcelona.<br \/>\nBereits seit dem 25. April 2024, also mehr als 90 Tagen, befindet sich dort etwa die H\u00e4lfte der 200 Lohnabh\u00e4ngigen in einem unbefristeten Streik. Ein Gro\u00dfteil der Belegschaft ist in der anarchosyndikalistischen Confederaci\u00f3n General del Trabajo (CGT) organisiert, somit l\u00e4uft auch der Streik \u00fcber die CGT. Hauptausl\u00f6ser des Arbeitskampfes ist die aggressive Digitalisierungspolitik des Konzerns, worunter die Lohnabh\u00e4ngigen zunehmend leiden, w\u00e4hrend H&amp;M Rekordgewinne einstreicht. Allein in den letzten 12 Monaten wurde die Belegschaft von 270 auf 200 Personen reduziert. Der computergest\u00fctzte Algorithmus erh\u00f6ht den Leistungsdruck und macht die Betroffenen zunehmend krank. Aber lest selbst, was die CGT dazu schreibt <a href=\"https:\/\/hamburg.fau.org\/wp-content\/uploads\/2024\/07\/CGT-HM-Flyer.pdf\" target=\"_blank\" rel=\"noopener\"><strong>in ihrem Flyer<\/strong><\/a>.<\/p>\n<p class=\"has-text-align-left\">Um den Druck im Zusammenhang mit dem Streik zu erh\u00f6hen, machten sich f\u00fcnf betroffene Genoss*innen der CGT auf die Reise. Zun\u00e4chst f\u00fcr eine Kundgebung vor dem H&amp;M Gesch\u00e4ft in der Spitalerstra\u00dfe am 23.07.2024. Warum ausgerechnet dort? In der Spitalerstra\u00dfe befindet sich die landesweite Gesch\u00e4ftszentrale. Au\u00dferdem stellt Deutschland f\u00fcr H&amp;M den gr\u00f6\u00dfen Absatzmarkt dar. Spontan schlossen sich mehrere Mitglieder der FAU Hamburg, FAU L\u00fcneburg und FAU L\u00fcbeck der Kundgebung vor dem Gesch\u00e4ft in der Spitalerstra\u00dfe an und trotzten gemeinsam mit dem Besuch aus Barcelona dem hamburger Schietwetter w\u00e4hrend die kaufw\u00fctige \u00d6ffentlichkeit mit Flyern und Banner \u00fcber den Arbeitskampf informiert wurde.<\/p>\n<p class=\"has-text-align-left\">Zwei Tage sp\u00e4ter geht es f\u00fcr die F\u00fcnf mit einer Kundgebung in Stockholm vor dem Hauptsitz des Konzerns weiter.<\/p>\n<p class=\"has-text-align-left\">Inspiriert von ihrer k\u00e4mpferischen Haltung w\u00fcnschen wir den Genoss*innen viel Erfolg bei der andauernden Auseinandersetzung und sind gerne wieder bereit auch in Zukunft solidarisch zur Seite zu stehen.<\/p>\n<p><a href=\"https:\/\/hamburg.fau.org\/2024\/07\/24\/solidarisch-streik-hm-barcelona\/\" target=\"_blank\" rel=\"noopener\">FAU Hamburg<\/a><\/p>\n","protected":false},"excerpt":{"rendered":"<p>Alle kennen H&amp;M, aber nur Wenige reden \u00fcber die Arbeitsbedingungen in dem Konzern. Diesmal geht es nicht um die N\u00e4her*innen<\/p>\n","protected":false},"author":1,"featured_media":0,"comment_status":"closed","ping_status":"open","sticky":false,"template":"","format":"standard","meta":{"footnotes":""},"categories":[5],"tags":[],"class_list":["post-338","post","type-post","status-publish","format-standard","hentry","category-nachrichten"],"_links":{"self":[{"href":"https:\/\/flensburg.fau.org\/index.php?rest_route=\/wp\/v2\/posts\/338","targetHints":{"allow":["GET"]}}],"collection":[{"href":"https:\/\/flensburg.fau.org\/index.php?rest_route=\/wp\/v2\/posts"}],"about":[{"href":"https:\/\/flensburg.fau.org\/index.php?rest_route=\/wp\/v2\/types\/post"}],"author":[{"embeddable":true,"href":"https:\/\/flensburg.fau.org\/index.php?rest_route=\/wp\/v2\/users\/1"}],"replies":[{"embeddable":true,"href":"https:\/\/flensburg.fau.org\/index.php?rest_route=%2Fwp%2Fv2%2Fcomments&post=338"}],"version-history":[{"count":1,"href":"https:\/\/flensburg.fau.org\/index.php?rest_route=\/wp\/v2\/posts\/338\/revisions"}],"predecessor-version":[{"id":340,"href":"https:\/\/flensburg.fau.org\/index.php?rest_route=\/wp\/v2\/posts\/338\/revisions\/340"}],"wp:attachment":[{"href":"https:\/\/flensburg.fau.org\/index.php?rest_route=%2Fwp%2Fv2%2Fmedia&parent=338"}],"wp:term":[{"taxonomy":"category","embeddable":true,"href":"https:\/\/flensburg.fau.org\/index.php?rest_route=%2Fwp%2Fv2%2Fcategories&post=338"},{"taxonomy":"post_tag","embeddable":true,"href":"https:\/\/flensburg.fau.org\/index.php?rest_route=%2Fwp%2Fv2%2Ftags&post=338"}],"curies":[{"name":"wp","href":"https:\/\/api.w.org\/{rel}","templated":true}]}}