{"id":223,"date":"2024-03-22T11:08:11","date_gmt":"2024-03-22T11:08:11","guid":{"rendered":"https:\/\/flensburg.fau.org\/?p=223"},"modified":"2024-03-22T11:09:33","modified_gmt":"2024-03-22T11:09:33","slug":"arbeitskonflikt-fau-leipzig-gegen-solar-startup-enpal-gueteverhandlung-am-11-03-2024","status":"publish","type":"post","link":"https:\/\/flensburg.fau.org\/?p=223","title":{"rendered":"Arbeitskonflikt FAU Leipzig gegen Solar-StartUp Enpal \u2013 G\u00fcteverhandlung am 11.03.2024"},"content":{"rendered":"<div class=\"entry-content-post\">\n<p>Die Gewerkschaft Freie Arbeiter*innen Union (FAU) Leipzig fordert von dem Solarunternehmen \u201eEnpal\u201c ausstehende Gehaltsanspr\u00fcche f\u00fcr ein Gewerkschaftsmitglied. Der ehemalige Angestellte wirft dem Unternehmen vor, Urlaubs- und Lohnfortzahlungen sowie Provisionsanspr\u00fcche nicht vollst\u00e4ndig bezahlt zu haben. Insgesamt belaufen sich die Forderungen auf einen niedrigen f\u00fcnfstelligen Betrag.<\/p>\n<p>Weil die Gesch\u00e4ftsf\u00fchrung auf bisherige Zahlungsaufforderungen nicht reagierte, hat die Gewerkschaft nun im Namen ihres Mitglieds Klage eingereicht. Die G\u00fcteverhandlung findet am Montag, den 11.03.2024 um 12:20 Uhr am Arbeitsgericht Leipzig (Erich-Weinert-Stra\u00dfe 18, 04105 Leipzig) statt.<\/p>\n<p>Das Startup Enpal ist in der Solarbranche deutscher Marktf\u00fchrer f\u00fcr Aufdach-Solaranlagen und hat bereits etwa 65.000 Solarsysteme installiert.<\/p>\n<p>\u201eEnpal sieht sich selbst als Weltretter. Das enorme Wachstum der letzten Jahre ging jedoch zulasten der Besch\u00e4ftigten\u201c, so der betroffene Gewerkschafter. \u201eDeswegen bin ich froh, dass dieser Fall nun vor Gericht geht, um einen Pr\u00e4zedenzfall zu schaffen. Hoffentlich hilft es auch anderen dabei, die Ihnen zustehenden Gelder einzufordern.\u201c<\/p>\n<p>Es wird davon ausgegangen, dass \u201eEnpal\u201c die ausstehenden Geh\u00e4lter nicht nur versehentlich einbehalten hat, sondern absichtlich geltendes Arbeitsrecht bricht:<\/p>\n<p>\u201eDass ein Unternehmen dieser Gr\u00f6\u00dfe und mit diesem Image derart eklatant geltendes Arbeitsrecht bricht, ist f\u00fcr uns ein Skandal\u201c, so die Pressesprecherin der FAU Leipzig Jessica Hermanns. \u201eDaher gehen wir nicht nur vor Gericht, sondern machen diesen Fall auch \u00f6ffentlich.\u201c<\/p>\n<\/div>\n<p><a href=\"https:\/\/leipzig.fau.org\/\" target=\"_blank\" rel=\"noopener\">leipzig.fau.org<\/a><\/p>\n","protected":false},"excerpt":{"rendered":"<p>Die Gewerkschaft Freie Arbeiter*innen Union (FAU) Leipzig fordert von dem Solarunternehmen \u201eEnpal\u201c ausstehende Gehaltsanspr\u00fcche f\u00fcr ein Gewerkschaftsmitglied. Der ehemalige Angestellte<\/p>\n","protected":false},"author":1,"featured_media":0,"comment_status":"closed","ping_status":"open","sticky":false,"template":"","format":"standard","meta":{"footnotes":""},"categories":[5],"tags":[],"class_list":["post-223","post","type-post","status-publish","format-standard","hentry","category-nachrichten"],"_links":{"self":[{"href":"https:\/\/flensburg.fau.org\/index.php?rest_route=\/wp\/v2\/posts\/223","targetHints":{"allow":["GET"]}}],"collection":[{"href":"https:\/\/flensburg.fau.org\/index.php?rest_route=\/wp\/v2\/posts"}],"about":[{"href":"https:\/\/flensburg.fau.org\/index.php?rest_route=\/wp\/v2\/types\/post"}],"author":[{"embeddable":true,"href":"https:\/\/flensburg.fau.org\/index.php?rest_route=\/wp\/v2\/users\/1"}],"replies":[{"embeddable":true,"href":"https:\/\/flensburg.fau.org\/index.php?rest_route=%2Fwp%2Fv2%2Fcomments&post=223"}],"version-history":[{"count":2,"href":"https:\/\/flensburg.fau.org\/index.php?rest_route=\/wp\/v2\/posts\/223\/revisions"}],"predecessor-version":[{"id":225,"href":"https:\/\/flensburg.fau.org\/index.php?rest_route=\/wp\/v2\/posts\/223\/revisions\/225"}],"wp:attachment":[{"href":"https:\/\/flensburg.fau.org\/index.php?rest_route=%2Fwp%2Fv2%2Fmedia&parent=223"}],"wp:term":[{"taxonomy":"category","embeddable":true,"href":"https:\/\/flensburg.fau.org\/index.php?rest_route=%2Fwp%2Fv2%2Fcategories&post=223"},{"taxonomy":"post_tag","embeddable":true,"href":"https:\/\/flensburg.fau.org\/index.php?rest_route=%2Fwp%2Fv2%2Ftags&post=223"}],"curies":[{"name":"wp","href":"https:\/\/api.w.org\/{rel}","templated":true}]}}