{"id":169,"date":"2023-12-22T14:16:08","date_gmt":"2023-12-22T14:16:08","guid":{"rendered":"https:\/\/flensburg.fau.org\/?p=169"},"modified":"2023-12-27T14:24:35","modified_gmt":"2023-12-27T14:24:35","slug":"dein-recht-auf-bildungsurlaub","status":"publish","type":"post","link":"https:\/\/flensburg.fau.org\/?p=169","title":{"rendered":"Dein Recht auf Bildungsurlaub!"},"content":{"rendered":"<h3 align=\"left\">Bildungsurlaub \u2013 Was ist das?<\/h3>\n<p align=\"left\">Allen lohnabh\u00e4ngig Besch\u00e4ftigten stehen <strong>bis zu 5 Tagen<\/strong> bezahlter Bildungsurlaub zu \u2013 zus\u00e4tzlich zum regul\u00e4ren Urlaub und w\u00e4hrend der Arbeitszeit.<\/p>\n<p align=\"left\">W\u00e4hrend dein Gehalt weiter gezahlt wird, kannst du dich zu einem beruflichen oder politischen Thema deiner Wahl weiterbilden. Auch Auszubildende und Studierende im dualen Studium haben das Recht auf Freistellung f\u00fcr Bildungsurlaub \u2013 allerdings ausschlie\u00dflich f\u00fcr politische Bildung.<!--more--><\/p>\n<p align=\"left\"><em>Weitere Tipps in unserem Best-Of Video: <\/em><a href=\"https:\/\/freiburg.fau.org\/2021\/05\/01\/10-dinge-die-du-noch-nicht-ueber-deinen-arbeitsvertrag-wusstest\/\" target=\"_blank\" rel=\"noopener\"><em>10 Dinge, die du noch nicht \u00fcber deinen Arbeitsvertrag wusstest<\/em><\/a><\/p>\n<h3 align=\"left\"><b>Wie kann ich meinen Anspruch auf Bildungsurlaub verwirklic<\/b><\/h3>\n<p align=\"left\">Die Freistellung bei gleichzeitiger Lohnfortzahlung kann f\u00fcr<\/p>\n<ol>\n<li>\n<p align=\"left\">die berufliche Weiterbildung,<\/p>\n<\/li>\n<li>\n<p align=\"left\">politische Weiterbildung oder<\/p>\n<\/li>\n<li>\n<p align=\"left\">die Qualifizierung zur Wahrnehmung ehrenamtlicher T\u00e4tigkeiten genutzt werden.<\/p>\n<\/li>\n<\/ol>\n<p align=\"left\">Die veranstaltende Organisation muss in Baden-W\u00fcrttemberg anerkannt sein (das Seminar in den meisten anderen Bundesl\u00e4ndern). Ob dem so ist, kann dir die Veranstalterin beantworten.<\/p>\n<p align=\"left\">In Baden-W\u00fcrttemberg musst du sp\u00e4testens <b>9 Wochen vor Seminarbeginn<\/b> bei deiner Arbeitgeber:in einen formlosen Antrag stellen. Weitere Unterlagen, die du dem Antrag beif\u00fcgst oder nach reichst, erh\u00e4ltst du von der veranstaltenden Organisation. Die Arbeitgeberin muss sp\u00e4testens vier Wochen nach Eingang des Antrags schriftlich oder elektronisch eine R\u00fcckmeldung geben, nach dieser Frist gilt er als bewilligt. Nach dem Seminar musst du eine <b>Teilnahme<\/b><b>bescheinigung<\/b> abgeben.<\/p>\n<h3 align=\"left\"><b>Wo finde ich Bildungsurlaubsangebote?<\/b><\/h3>\n<p align=\"left\">Angebote und weitere Informationen findest du auf der Internetseite <a href=\"https:\/\/www.bildungsurlaub.de\/\" target=\"_blank\" rel=\"noopener\"><b>www.b<\/b><b>ildungsurlaub.de<\/b><\/a><\/p>\n<h3 align=\"left\"><b>Wem n\u00fctzt ein Bildungsurlaub?<\/b><\/h3>\n<p align=\"left\">Du gewinnst neue Erkenntnisse zu einem selbst ausgew\u00e4hlten Thema und dein Gehalt wird weiter gezahlt. Noch Fragen?<\/p>\n<h3 align=\"left\"><b>Was kostet ein Bildungsurlaub?<\/b><\/h3>\n<p>Die Kosten teilen sich die lohnabh\u00e4ngig Besch\u00e4ftigten (Seminargeb\u00fchren) und Arbeitgeber (Lohnfortzahlung). Die Seminarkosten werden dir also nicht erstattet \u2013 auch Material-, Fahrt- und Unterkunftskosten musst du leider selbst bezahlen.<\/p>\n<h3 align=\"left\"><b>Warum nimmt in meinem Betrieb niemand Bildungsurlaub?<\/b><\/h3>\n<p align=\"left\">Viele Menschen kennen ihre Rechte nicht. Andere sorgen sich vor negativen Konsequenzen durch die Chef:in, wenn sie ihre Rechte in Anspruch nehmen. Bundesweit nehmen nur 1,5 % der Besch\u00e4ftigten Bildungsurlaub. Indem du einen BU anmeldest, ermutigst du auch andere Kolleg:innen ihr Recht in Anspruch zu nehmen. So ver\u00e4ndert ihr nach und nach die Betriebskultur.<\/p>\n<h3 align=\"left\"><b>Was ist die rechtliche Grundlage und Geschichte des Bildungsurlaubs?<\/b><\/h3>\n<p align=\"left\">Die Bundesrepublik Deutschland hat 1974 ein bindendes \u00dcbereinkommen der <i>Internationalen Arbeitsorganisation<\/i> (ILO) \u00fcber bezahlten Bildungsurlaub unterschrieben. Die ILO ist eine Sonderorganisation der Vereinten Nationen. Mit der Unterzeichnung hat sich die Bundesrepublik v\u00f6lkerrechtlich verpflichtet, einen bezahlten Bildungsurlaub zum Zwecke der Berufsbildung, der allgemeinen und politischen Bildung sowie der gewerkschaftlichen Bildung einzuf\u00fchren. In Deutschland ist Bildung Sache der Bundesl\u00e4nder. Deshalb lag es in ihren Zust\u00e4ndigkeiten entsprechende Gesetze zu erlassen, die das Recht auf Bildungsurlaub regeln. In Baden-W\u00fcrttemberg finden sich alle wichtigen Infos im 2021 ge\u00e4nderten <i>Bildungszeitgesetz<\/i>. <b>Keine Bildungsurlaubsgesetze<\/b> gibt es in Bayern und Sachsen. Die Geschichte des Bildungsurlaubs ist eben auch ein Teil der Geschichte der Erfolge und Niederlagen der Arbeiter:innenbewegung. Es h\u00e4ngt von unserer kollektiven St\u00e4rke ab, dass sich unsere Arbeits- und Lebensbedingungen verbessern.<\/p>\n<p><a href=\"https:\/\/freiburg.fau.org\/\" target=\"_blank\" rel=\"noopener\">freiburg.fau.org<\/a><\/p>\n","protected":false},"excerpt":{"rendered":"<p>Bildungsurlaub \u2013 Was ist das? Allen lohnabh\u00e4ngig Besch\u00e4ftigten stehen bis zu 5 Tagen bezahlter Bildungsurlaub zu \u2013 zus\u00e4tzlich zum regul\u00e4ren<\/p>\n","protected":false},"author":1,"featured_media":0,"comment_status":"closed","ping_status":"open","sticky":false,"template":"","format":"standard","meta":{"footnotes":""},"categories":[6],"tags":[],"class_list":["post-169","post","type-post","status-publish","format-standard","hentry","category-arbeitsrecht"],"_links":{"self":[{"href":"https:\/\/flensburg.fau.org\/index.php?rest_route=\/wp\/v2\/posts\/169","targetHints":{"allow":["GET"]}}],"collection":[{"href":"https:\/\/flensburg.fau.org\/index.php?rest_route=\/wp\/v2\/posts"}],"about":[{"href":"https:\/\/flensburg.fau.org\/index.php?rest_route=\/wp\/v2\/types\/post"}],"author":[{"embeddable":true,"href":"https:\/\/flensburg.fau.org\/index.php?rest_route=\/wp\/v2\/users\/1"}],"replies":[{"embeddable":true,"href":"https:\/\/flensburg.fau.org\/index.php?rest_route=%2Fwp%2Fv2%2Fcomments&post=169"}],"version-history":[{"count":5,"href":"https:\/\/flensburg.fau.org\/index.php?rest_route=\/wp\/v2\/posts\/169\/revisions"}],"predecessor-version":[{"id":176,"href":"https:\/\/flensburg.fau.org\/index.php?rest_route=\/wp\/v2\/posts\/169\/revisions\/176"}],"wp:attachment":[{"href":"https:\/\/flensburg.fau.org\/index.php?rest_route=%2Fwp%2Fv2%2Fmedia&parent=169"}],"wp:term":[{"taxonomy":"category","embeddable":true,"href":"https:\/\/flensburg.fau.org\/index.php?rest_route=%2Fwp%2Fv2%2Fcategories&post=169"},{"taxonomy":"post_tag","embeddable":true,"href":"https:\/\/flensburg.fau.org\/index.php?rest_route=%2Fwp%2Fv2%2Ftags&post=169"}],"curies":[{"name":"wp","href":"https:\/\/api.w.org\/{rel}","templated":true}]}}